{"id":6541,"date":"2019-07-11T18:41:40","date_gmt":"2019-07-11T16:41:40","guid":{"rendered":"http:\/\/www.scaffsystem.it\/?p=6541"},"modified":"2019-07-15T18:47:06","modified_gmt":"2019-07-15T16:47:06","slug":"la-luna-di-oriana","status":"publish","type":"post","link":"https:\/\/www.scaffsystem.it\/en\/la-luna-di-oriana\/","title":{"rendered":"La luna di Oriana"},"content":{"rendered":"<p><i>A cinquant\u2019anni dallo sbarco sulla luna, venerd\u00ec 12 luglio alle 20 Librinfabbrica festeggia con un\u2019edizione straordinaria \u2013 denominata <\/i><i>#lalunainterra \u2013 <\/i><i>il pensiero di Oriana Fallaci.<span class=\"Apple-converted-space\">\u00a0<\/span><\/i><\/p>\n<p>\u201cLa Luna di Oriana\u201d (ed. Rizzoli) raccoglie gli articoli che Oriana Fallaci realizz\u00f2 come inviata dal 1964 per \u00abL\u2019Europeo\u00bb a Cape Kennedy: la base aerospaziale per mandare l\u2019Uomo nel futuro. La giornalista nel suo libro non racconta solo le vicissitudini del programma spaziale americano, ma anche degli uomini che ne furono protagonisti: gli astronauti, persone \u201cnormali\u201d che si apprestavano a scrivere la Storia.<span class=\"Apple-converted-space\">\u00a0<\/span><\/p>\n<p>Il successo e il fallimento delle loro operazioni diventano oggetto di articoli che la Fallaci consegna ai posteri con stile diretto e sagace e cos\u00ec l\u2019intervento di Giusu\u00e8 Boetto Cohen ci trasmetter\u00e0 attraverso filmati inediti l\u2019atmosfera e le aspettative di quegli anni incredibili.<br \/>\nLo Sbarco sulla Luna rappresenta, nell\u2019immaginario collettivo, una conquista universale per l\u2019umanit\u00e0 e allo stesso tempo esprime un potente significato politico e sociale.<br \/>\nI <i>reportage<\/i>, i filmati e alcuni episodi inediti della Fallaci saranno raccontati \u2013 venerd\u00ec 12 luglio &#8211; dal nipote <b>Edoardo Perazzi <\/b>&#8211; curatore dell\u2019archivio della giornalista &#8211; e dal giornalista e autore <b>Giosu\u00e8 Boetto Cohen<\/b>.<br \/>\nIl nipote Edoardo Perazzi racconter\u00e0 oltre che dell\u2019infaticabile cronista, della sua vita privata, di un\u2019Oriana forte, libera e sentimentale, capace di incarnare un nuovo modo di essere donna e di diventare un\u2019icona del \u2018900.<br \/>\nIn occasione dell\u2019eccezionalit\u00e0 della serata verr\u00e0 montata per la prima volta a Ostuni l\u2019\u201c<b>Astronave Officine Tamborrino<\/b>&#8221; disegnata dal maestro <b>Alessandro Guerriero<\/b>, uno dei padri del design italiano e fondatore del movimento Alchimia.<br \/>\nL\u2019astronave \u00e8 realizzata con sistema costruttivo in acciaio \u201cStructura\u201d adottato dalla Scaffsystem per realizzare edifici industriali e residenziali in linea con i valori di sostenibilit\u00e0, leggerezza e sicurezza<i>.<br \/>\n<\/i>Una casa quindi molto speciale &#8211; arrivata direttamente dallo spazio \u2013 che entrer\u00e0 nella Fabbrica con immaginazione, arte e design, rendendo cos\u00ec ancora pi\u00f9 unica e magica la serata di Librinfabbrica.<span class=\"Apple-converted-space\">\u00a0<\/span><\/p>\n<p>\u201cLa Luna di Oriana\u201d \u00e8 un evento organizzato da Librinfaccia e Officine Tamborrino \/ Scaffsystem. Si ringrazia Vendemmia Studio per il suo supporto.<\/p>\n","protected":false},"excerpt":{"rendered":"<p>A cinquant\u2019anni dallo sbarco sulla luna, venerd\u00ec 12 luglio alle 20 Librinfabbrica festeggia con un\u2019edizione straordinaria \u2013 denominata #lalunainterra \u2013 il pensiero di Oriana Fallaci.\u00a0 \u201cLa Luna di Oriana\u201d (ed. Rizzoli) raccoglie gli articoli che Oriana Fallaci realizz\u00f2 come inviata dal 1964 per \u00abL\u2019Europeo\u00bb a Cape Kennedy: la base aerospaziale per mandare l\u2019Uomo nel futuro.<\/p>\n","protected":false},"author":2,"featured_media":6542,"comment_status":"closed","ping_status":"open","sticky":false,"template":"","format":"standard","meta":{"footnotes":""},"categories":[2,7],"tags":[],"acf":[],"yoast_head":"<!-- This site is optimized with the Yoast SEO plugin v22.5 - https:\/\/yoast.com\/wordpress\/plugins\/seo\/ -->\n<title>La luna di Oriana | Scaffsystem<\/title>\n<meta name=\"robots\" content=\"index, follow, max-snippet:-1, max-image-preview:large, max-video-preview:-1\" \/>\n<link rel=\"canonical\" href=\"https:\/\/www.scaffsystem.it\/la-luna-di-oriana\/\" \/>\n<meta property=\"og:locale\" content=\"en_US\" \/>\n<meta property=\"og:type\" content=\"article\" \/>\n<meta property=\"og:title\" content=\"La luna di Oriana | Scaffsystem\" \/>\n<meta property=\"og:description\" content=\"A cinquant\u2019anni dallo sbarco sulla luna, venerd\u00ec 12 luglio alle 20 Librinfabbrica festeggia con un\u2019edizione straordinaria \u2013 denominata #lalunainterra \u2013 il pensiero di Oriana Fallaci.\u00a0 \u201cLa Luna di Oriana\u201d (ed. Rizzoli) raccoglie gli articoli che Oriana Fallaci realizz\u00f2 come inviata dal 1964 per \u00abL\u2019Europeo\u00bb a Cape Kennedy: la base aerospaziale per mandare l\u2019Uomo nel futuro.\" \/>\n<meta property=\"og:url\" content=\"https:\/\/www.scaffsystem.it\/la-luna-di-oriana\/\" \/>\n<meta property=\"og:site_name\" content=\"Scaffsystem\" \/>\n<meta property=\"article:publisher\" content=\"https:\/\/www.facebook.com\/ScaffSystem\/\" \/>\n<meta property=\"article:published_time\" content=\"2019-07-11T16:41:40+00:00\" \/>\n<meta property=\"article:modified_time\" content=\"2019-07-15T16:47:06+00:00\" \/>\n<meta property=\"og:image\" content=\"https:\/\/www.scaffsystem.it\/wp-content\/uploads\/2019\/07\/lif_lunaoriana_cover-evento.png\" \/>\n\t<meta property=\"og:image:width\" content=\"8000\" \/>\n\t<meta property=\"og:image:height\" content=\"4500\" \/>\n\t<meta property=\"og:image:type\" content=\"image\/png\" \/>\n<meta name=\"author\" content=\"Scaffsystem\" \/>\n<meta name=\"twitter:card\" content=\"summary_large_image\" \/>\n<meta name=\"twitter:label1\" content=\"Written by\" \/>\n\t<meta name=\"twitter:data1\" content=\"Scaffsystem\" \/>\n\t<meta name=\"twitter:label2\" content=\"Est. reading time\" \/>\n\t<meta name=\"twitter:data2\" content=\"2 minutes\" \/>\n<script type=\"application\/ld+json\" class=\"yoast-schema-graph\">{\"@context\":\"https:\/\/schema.org\",\"@graph\":[{\"@type\":\"Article\",\"@id\":\"https:\/\/www.scaffsystem.it\/la-luna-di-oriana\/#article\",\"isPartOf\":{\"@id\":\"https:\/\/www.scaffsystem.it\/la-luna-di-oriana\/\"},\"author\":{\"name\":\"Scaffsystem\",\"@id\":\"https:\/\/www.scaffsystem.it\/#\/schema\/person\/52394ce47dbd729a7dbf819357461ebe\"},\"headline\":\"La luna di Oriana\",\"datePublished\":\"2019-07-11T16:41:40+00:00\",\"dateModified\":\"2019-07-15T16:47:06+00:00\",\"mainEntityOfPage\":{\"@id\":\"https:\/\/www.scaffsystem.it\/la-luna-di-oriana\/\"},\"wordCount\":344,\"publisher\":{\"@id\":\"https:\/\/www.scaffsystem.it\/#organization\"},\"image\":{\"@id\":\"https:\/\/www.scaffsystem.it\/la-luna-di-oriana\/#primaryimage\"},\"thumbnailUrl\":\"https:\/\/www.scaffsystem.it\/wp-content\/uploads\/2019\/07\/lif_lunaoriana_cover-evento.png\",\"articleSection\":[\"Eventi\",\"News\"],\"inLanguage\":\"en-US\"},{\"@type\":\"WebPage\",\"@id\":\"https:\/\/www.scaffsystem.it\/la-luna-di-oriana\/\",\"url\":\"https:\/\/www.scaffsystem.it\/la-luna-di-oriana\/\",\"name\":\"La luna di Oriana | Scaffsystem\",\"isPartOf\":{\"@id\":\"https:\/\/www.scaffsystem.it\/#website\"},\"primaryImageOfPage\":{\"@id\":\"https:\/\/www.scaffsystem.it\/la-luna-di-oriana\/#primaryimage\"},\"image\":{\"@id\":\"https:\/\/www.scaffsystem.it\/la-luna-di-oriana\/#primaryimage\"},\"thumbnailUrl\":\"https:\/\/www.scaffsystem.it\/wp-content\/uploads\/2019\/07\/lif_lunaoriana_cover-evento.png\",\"datePublished\":\"2019-07-11T16:41:40+00:00\",\"dateModified\":\"2019-07-15T16:47:06+00:00\",\"breadcrumb\":{\"@id\":\"https:\/\/www.scaffsystem.it\/la-luna-di-oriana\/#breadcrumb\"},\"inLanguage\":\"en-US\",\"potentialAction\":[{\"@type\":\"ReadAction\",\"target\":[\"https:\/\/www.scaffsystem.it\/la-luna-di-oriana\/\"]}]},{\"@type\":\"ImageObject\",\"inLanguage\":\"en-US\",\"@id\":\"https:\/\/www.scaffsystem.it\/la-luna-di-oriana\/#primaryimage\",\"url\":\"https:\/\/www.scaffsystem.it\/wp-content\/uploads\/2019\/07\/lif_lunaoriana_cover-evento.png\",\"contentUrl\":\"https:\/\/www.scaffsystem.it\/wp-content\/uploads\/2019\/07\/lif_lunaoriana_cover-evento.png\",\"width\":8000,\"height\":4500},{\"@type\":\"BreadcrumbList\",\"@id\":\"https:\/\/www.scaffsystem.it\/la-luna-di-oriana\/#breadcrumb\",\"itemListElement\":[{\"@type\":\"ListItem\",\"position\":1,\"name\":\"Home\",\"item\":\"https:\/\/www.scaffsystem.it\/en\/\"},{\"@type\":\"ListItem\",\"position\":2,\"name\":\"La luna di Oriana\"}]},{\"@type\":\"WebSite\",\"@id\":\"https:\/\/www.scaffsystem.it\/#website\",\"url\":\"https:\/\/www.scaffsystem.it\/\",\"name\":\"Scaffsystem\",\"description\":\"Soluzioni strutturali per la logistica e l\u2019architettura\",\"publisher\":{\"@id\":\"https:\/\/www.scaffsystem.it\/#organization\"},\"potentialAction\":[{\"@type\":\"SearchAction\",\"target\":{\"@type\":\"EntryPoint\",\"urlTemplate\":\"https:\/\/www.scaffsystem.it\/?s={search_term_string}\"},\"query-input\":\"required name=search_term_string\"}],\"inLanguage\":\"en-US\"},{\"@type\":\"Organization\",\"@id\":\"https:\/\/www.scaffsystem.it\/#organization\",\"name\":\"Scaffsystem S.r.l.\",\"url\":\"https:\/\/www.scaffsystem.it\/\",\"logo\":{\"@type\":\"ImageObject\",\"inLanguage\":\"en-US\",\"@id\":\"https:\/\/www.scaffsystem.it\/#\/schema\/logo\/image\/\",\"url\":\"https:\/\/www.scaffsystem.it\/wp-content\/uploads\/2017\/10\/logo_scaffsystem.png\",\"contentUrl\":\"https:\/\/www.scaffsystem.it\/wp-content\/uploads\/2017\/10\/logo_scaffsystem.png\",\"width\":245,\"height\":100,\"caption\":\"Scaffsystem S.r.l.\"},\"image\":{\"@id\":\"https:\/\/www.scaffsystem.it\/#\/schema\/logo\/image\/\"},\"sameAs\":[\"https:\/\/www.facebook.com\/ScaffSystem\/\",\"https:\/\/www.instagram.com\/explore\/tags\/scaffsystem\",\"https:\/\/www.linkedin.com\/company\/1032997\/\",\"https:\/\/www.youtube.com\/user\/Scaffsystem\"]},{\"@type\":\"Person\",\"@id\":\"https:\/\/www.scaffsystem.it\/#\/schema\/person\/52394ce47dbd729a7dbf819357461ebe\",\"name\":\"Scaffsystem\",\"image\":{\"@type\":\"ImageObject\",\"inLanguage\":\"en-US\",\"@id\":\"https:\/\/www.scaffsystem.it\/#\/schema\/person\/image\/\",\"url\":\"https:\/\/secure.gravatar.com\/avatar\/1a7a74a91675cccd6aee13c61e40ff42?s=96&d=mm&r=g\",\"contentUrl\":\"https:\/\/secure.gravatar.com\/avatar\/1a7a74a91675cccd6aee13c61e40ff42?s=96&d=mm&r=g\",\"caption\":\"Scaffsystem\"},\"url\":\"https:\/\/www.scaffsystem.it\/en\/author\/scaffsystem\/\"}]}<\/script>\n<!-- \/ Yoast SEO plugin. -->","yoast_head_json":{"title":"La luna di Oriana | Scaffsystem","robots":{"index":"index","follow":"follow","max-snippet":"max-snippet:-1","max-image-preview":"max-image-preview:large","max-video-preview":"max-video-preview:-1"},"canonical":"https:\/\/www.scaffsystem.it\/la-luna-di-oriana\/","og_locale":"en_US","og_type":"article","og_title":"La luna di Oriana | Scaffsystem","og_description":"A cinquant\u2019anni dallo sbarco sulla luna, venerd\u00ec 12 luglio alle 20 Librinfabbrica festeggia con un\u2019edizione straordinaria \u2013 denominata #lalunainterra \u2013 il pensiero di Oriana Fallaci.\u00a0 \u201cLa Luna di Oriana\u201d (ed. Rizzoli) raccoglie gli articoli che Oriana Fallaci realizz\u00f2 come inviata dal 1964 per \u00abL\u2019Europeo\u00bb a Cape Kennedy: la base aerospaziale per mandare l\u2019Uomo nel futuro.","og_url":"https:\/\/www.scaffsystem.it\/la-luna-di-oriana\/","og_site_name":"Scaffsystem","article_publisher":"https:\/\/www.facebook.com\/ScaffSystem\/","article_published_time":"2019-07-11T16:41:40+00:00","article_modified_time":"2019-07-15T16:47:06+00:00","og_image":[{"width":8000,"height":4500,"url":"https:\/\/www.scaffsystem.it\/wp-content\/uploads\/2019\/07\/lif_lunaoriana_cover-evento.png","type":"image\/png"}],"author":"Scaffsystem","twitter_card":"summary_large_image","twitter_misc":{"Written by":"Scaffsystem","Est. reading time":"2 minutes"},"schema":{"@context":"https:\/\/schema.org","@graph":[{"@type":"Article","@id":"https:\/\/www.scaffsystem.it\/la-luna-di-oriana\/#article","isPartOf":{"@id":"https:\/\/www.scaffsystem.it\/la-luna-di-oriana\/"},"author":{"name":"Scaffsystem","@id":"https:\/\/www.scaffsystem.it\/#\/schema\/person\/52394ce47dbd729a7dbf819357461ebe"},"headline":"La luna di Oriana","datePublished":"2019-07-11T16:41:40+00:00","dateModified":"2019-07-15T16:47:06+00:00","mainEntityOfPage":{"@id":"https:\/\/www.scaffsystem.it\/la-luna-di-oriana\/"},"wordCount":344,"publisher":{"@id":"https:\/\/www.scaffsystem.it\/#organization"},"image":{"@id":"https:\/\/www.scaffsystem.it\/la-luna-di-oriana\/#primaryimage"},"thumbnailUrl":"https:\/\/www.scaffsystem.it\/wp-content\/uploads\/2019\/07\/lif_lunaoriana_cover-evento.png","articleSection":["Eventi","News"],"inLanguage":"en-US"},{"@type":"WebPage","@id":"https:\/\/www.scaffsystem.it\/la-luna-di-oriana\/","url":"https:\/\/www.scaffsystem.it\/la-luna-di-oriana\/","name":"La luna di Oriana | Scaffsystem","isPartOf":{"@id":"https:\/\/www.scaffsystem.it\/#website"},"primaryImageOfPage":{"@id":"https:\/\/www.scaffsystem.it\/la-luna-di-oriana\/#primaryimage"},"image":{"@id":"https:\/\/www.scaffsystem.it\/la-luna-di-oriana\/#primaryimage"},"thumbnailUrl":"https:\/\/www.scaffsystem.it\/wp-content\/uploads\/2019\/07\/lif_lunaoriana_cover-evento.png","datePublished":"2019-07-11T16:41:40+00:00","dateModified":"2019-07-15T16:47:06+00:00","breadcrumb":{"@id":"https:\/\/www.scaffsystem.it\/la-luna-di-oriana\/#breadcrumb"},"inLanguage":"en-US","potentialAction":[{"@type":"ReadAction","target":["https:\/\/www.scaffsystem.it\/la-luna-di-oriana\/"]}]},{"@type":"ImageObject","inLanguage":"en-US","@id":"https:\/\/www.scaffsystem.it\/la-luna-di-oriana\/#primaryimage","url":"https:\/\/www.scaffsystem.it\/wp-content\/uploads\/2019\/07\/lif_lunaoriana_cover-evento.png","contentUrl":"https:\/\/www.scaffsystem.it\/wp-content\/uploads\/2019\/07\/lif_lunaoriana_cover-evento.png","width":8000,"height":4500},{"@type":"BreadcrumbList","@id":"https:\/\/www.scaffsystem.it\/la-luna-di-oriana\/#breadcrumb","itemListElement":[{"@type":"ListItem","position":1,"name":"Home","item":"https:\/\/www.scaffsystem.it\/en\/"},{"@type":"ListItem","position":2,"name":"La luna di Oriana"}]},{"@type":"WebSite","@id":"https:\/\/www.scaffsystem.it\/#website","url":"https:\/\/www.scaffsystem.it\/","name":"Scaffsystem","description":"Soluzioni strutturali per la logistica e l\u2019architettura","publisher":{"@id":"https:\/\/www.scaffsystem.it\/#organization"},"potentialAction":[{"@type":"SearchAction","target":{"@type":"EntryPoint","urlTemplate":"https:\/\/www.scaffsystem.it\/?s={search_term_string}"},"query-input":"required name=search_term_string"}],"inLanguage":"en-US"},{"@type":"Organization","@id":"https:\/\/www.scaffsystem.it\/#organization","name":"Scaffsystem S.r.l.","url":"https:\/\/www.scaffsystem.it\/","logo":{"@type":"ImageObject","inLanguage":"en-US","@id":"https:\/\/www.scaffsystem.it\/#\/schema\/logo\/image\/","url":"https:\/\/www.scaffsystem.it\/wp-content\/uploads\/2017\/10\/logo_scaffsystem.png","contentUrl":"https:\/\/www.scaffsystem.it\/wp-content\/uploads\/2017\/10\/logo_scaffsystem.png","width":245,"height":100,"caption":"Scaffsystem S.r.l."},"image":{"@id":"https:\/\/www.scaffsystem.it\/#\/schema\/logo\/image\/"},"sameAs":["https:\/\/www.facebook.com\/ScaffSystem\/","https:\/\/www.instagram.com\/explore\/tags\/scaffsystem","https:\/\/www.linkedin.com\/company\/1032997\/","https:\/\/www.youtube.com\/user\/Scaffsystem"]},{"@type":"Person","@id":"https:\/\/www.scaffsystem.it\/#\/schema\/person\/52394ce47dbd729a7dbf819357461ebe","name":"Scaffsystem","image":{"@type":"ImageObject","inLanguage":"en-US","@id":"https:\/\/www.scaffsystem.it\/#\/schema\/person\/image\/","url":"https:\/\/secure.gravatar.com\/avatar\/1a7a74a91675cccd6aee13c61e40ff42?s=96&d=mm&r=g","contentUrl":"https:\/\/secure.gravatar.com\/avatar\/1a7a74a91675cccd6aee13c61e40ff42?s=96&d=mm&r=g","caption":"Scaffsystem"},"url":"https:\/\/www.scaffsystem.it\/en\/author\/scaffsystem\/"}]}},"_links":{"self":[{"href":"https:\/\/www.scaffsystem.it\/en\/wp-json\/wp\/v2\/posts\/6541"}],"collection":[{"href":"https:\/\/www.scaffsystem.it\/en\/wp-json\/wp\/v2\/posts"}],"about":[{"href":"https:\/\/www.scaffsystem.it\/en\/wp-json\/wp\/v2\/types\/post"}],"author":[{"embeddable":true,"href":"https:\/\/www.scaffsystem.it\/en\/wp-json\/wp\/v2\/users\/2"}],"replies":[{"embeddable":true,"href":"https:\/\/www.scaffsystem.it\/en\/wp-json\/wp\/v2\/comments?post=6541"}],"version-history":[{"count":0,"href":"https:\/\/www.scaffsystem.it\/en\/wp-json\/wp\/v2\/posts\/6541\/revisions"}],"wp:featuredmedia":[{"embeddable":true,"href":"https:\/\/www.scaffsystem.it\/en\/wp-json\/wp\/v2\/media\/6542"}],"wp:attachment":[{"href":"https:\/\/www.scaffsystem.it\/en\/wp-json\/wp\/v2\/media?parent=6541"}],"wp:term":[{"taxonomy":"category","embeddable":true,"href":"https:\/\/www.scaffsystem.it\/en\/wp-json\/wp\/v2\/categories?post=6541"},{"taxonomy":"post_tag","embeddable":true,"href":"https:\/\/www.scaffsystem.it\/en\/wp-json\/wp\/v2\/tags?post=6541"}],"curies":[{"name":"wp","href":"https:\/\/api.w.org\/{rel}","templated":true}]}}